{"id":2809,"date":"2015-11-12T18:26:54","date_gmt":"2015-11-12T17:26:54","guid":{"rendered":"http:\/\/www.irphstop.net\/?p=2809"},"modified":"2017-11-13T21:34:01","modified_gmt":"2017-11-13T19:34:01","slug":"irph-stop-gipuzkoak-agerraldia-egingo-du-gasteizko-legebiltzarrean","status":"publish","type":"post","link":"https:\/\/irphstop.eus\/es\/irph-stop-gipuzkoak-agerraldia-egingo-du-gasteizko-legebiltzarrean\/","title":{"rendered":"IRPH Stop Gipuzkoa comparecer\u00e1 en el Parlamento de Vitoria-Gasteiz"},"content":{"rendered":"<p><img loading=\"lazy\" decoding=\"async\" src=\"https:\/\/irphstop.eus\/wp-content\/uploads\/2014\/05\/parlam_irph.jpg\" alt=\"parlam_irph\" width=\"816\" height=\"359\" class=\"alignnone size-full wp-image-1619\" \/><\/p>\n<p>Jos\u00e9 Mar\u00eda Erauskin, abogado de IRPH Stop Gipuzkoa, comparecer\u00e1 el lunes 16 de noviembre ante la Comisi\u00f3n de Empleo, Pol\u00edticas Sociales y Vivienda del Parlamento de Vitoria-Gasteiz.<\/p>\n<p>Jos\u00e9 Mar\u00eda Erauskin y Maite Ortiz son abogados pioneros  en la lucha judicial contra el IRPH y recientemente comparecieron en el Parlamento Europeo, consiguiendo que la comisi\u00f3n de peticiones del mismo declarara que el tipo de referencia IRPH es abusivo.<\/p>\n<p>La comparecencia comenzar\u00e1 aproximadamente a las 10:30 y podr\u00e1 ser seguida en directo por la web del parlamento: <a href=\"http:\/\/www.legebiltzarra.eus\/\" target=\"_blank\">http:\/\/www.legebiltzarra.eus\/<\/a><\/p>","protected":false},"excerpt":{"rendered":"<p>Jos\u00e9 Mar\u00eda Erauskin, abogado de IRPH Stop Gipuzkoa, comparecer\u00e1 el lunes 16 de noviembre ante la Comisi\u00f3n de Empleo, Pol\u00edticas Sociales y Vivienda del Parlamento de Vitoria-Gasteiz. Jos\u00e9 Mar\u00eda Erauskin y Maite Ortiz son abogados pioneros en la lucha judicial contra el IRPH y recientemente comparecieron en el Parlamento Europeo, consiguiendo que la comisi\u00f3n de &hellip; <a href=\"https:\/\/irphstop.eus\/es\/irph-stop-gipuzkoak-agerraldia-egingo-du-gasteizko-legebiltzarrean\/\" class=\"more-link\">Continue reading <span class=\"screen-reader-text\">IRPH Stop Gipuzkoa comparecer\u00e1 en el Parlamento de Vitoria-Gasteiz<\/span><\/a><\/p>\n","protected":false},"author":1,"featured_media":0,"comment_status":"open","ping_status":"open","sticky":false,"template":"","format":"standard","meta":{"_monsterinsights_skip_tracking":false,"_monsterinsights_sitenote_active":false,"_monsterinsights_sitenote_note":"","_monsterinsights_sitenote_category":0,"footnotes":""},"categories":[12,15],"tags":[],"class_list":["post-2809","post","type-post","status-publish","format-standard","hentry","category-irph","category-parlamentovitoria"],"aioseo_notices":[],"_links":{"self":[{"href":"https:\/\/irphstop.eus\/es\/wp-json\/wp\/v2\/posts\/2809","targetHints":{"allow":["GET"]}}],"collection":[{"href":"https:\/\/irphstop.eus\/es\/wp-json\/wp\/v2\/posts"}],"about":[{"href":"https:\/\/irphstop.eus\/es\/wp-json\/wp\/v2\/types\/post"}],"author":[{"embeddable":true,"href":"https:\/\/irphstop.eus\/es\/wp-json\/wp\/v2\/users\/1"}],"replies":[{"embeddable":true,"href":"https:\/\/irphstop.eus\/es\/wp-json\/wp\/v2\/comments?post=2809"}],"version-history":[{"count":1,"href":"https:\/\/irphstop.eus\/es\/wp-json\/wp\/v2\/posts\/2809\/revisions"}],"predecessor-version":[{"id":3980,"href":"https:\/\/irphstop.eus\/es\/wp-json\/wp\/v2\/posts\/2809\/revisions\/3980"}],"wp:attachment":[{"href":"https:\/\/irphstop.eus\/es\/wp-json\/wp\/v2\/media?parent=2809"}],"wp:term":[{"taxonomy":"category","embeddable":true,"href":"https:\/\/irphstop.eus\/es\/wp-json\/wp\/v2\/categories?post=2809"},{"taxonomy":"post_tag","embeddable":true,"href":"https:\/\/irphstop.eus\/es\/wp-json\/wp\/v2\/tags?post=2809"}],"curies":[{"name":"wp","href":"https:\/\/api.w.org\/{rel}","templated":true}]}}